{"id":9912,"date":"2018-03-30T00:56:41","date_gmt":"2018-03-30T00:56:41","guid":{"rendered":"https:\/\/saudeactual.pt\/?p=9912"},"modified":"2025-03-11T10:07:53","modified_gmt":"2025-03-11T10:07:53","slug":"entrevista-luis-filipe-freitas-tvl","status":"publish","type":"post","link":"https:\/\/saudeactual.pt\/wp\/entrevista-luis-filipe-freitas-tvl\/","title":{"rendered":"Entrevista de Lu\u00eds Filipe Freitas \u00e0 TVL"},"content":{"rendered":"<div style=\"width: 750px;\" class=\"wp-video\"><!--[if lt IE 9]><script>document.createElement('video');<\/script><![endif]-->\n<video class=\"wp-video-shortcode\" id=\"video-9912-1\" width=\"750\" height=\"422\" poster=\"https:\/\/saudeactual.pt\/wp\/wp-content\/uploads\/2018\/03\/ENTREVISTA-LU\u00cdS-FILIPE-FREITAS-\u00c0-TVL-mp4-image.jpg\" preload=\"metadata\" controls=\"controls\"><source type=\"video\/mp4\" src=\"https:\/\/saudeactual.pt\/wp\/wp-content\/uploads\/2016\/06\/ENTREVISTA-LU\u00cdS-FILIPE-FREITAS-\u00c0-TVL.mp4?_=1\" \/><a href=\"https:\/\/saudeactual.pt\/wp\/wp-content\/uploads\/2016\/06\/ENTREVISTA-LU\u00cdS-FILIPE-FREITAS-\u00c0-TVL.mp4\">https:\/\/saudeactual.pt\/wp\/wp-content\/uploads\/2016\/06\/ENTREVISTA-LU\u00cdS-FILIPE-FREITAS-\u00c0-TVL.mp4<\/a><\/video><\/div>\n<p>A entrevista dada pelo nosso Editor \u00e0 <a href=\"https:\/\/tvl.pt\/\">TVL &#8211; Televis\u00e3o da Grande Lisboa<\/a>. Uma \u00f3ptima oportunidade para saber mais sobre a Sa\u00fade Actual pela voz do Lu\u00eds Filipe Freitas.<\/p>\n","protected":false},"excerpt":{"rendered":"<p>A entrevista dada pelo nosso Editor \u00e0 TVL &#8211; Televis\u00e3o da Grande Lisboa. Uma \u00f3ptima oportunidade para saber mais sobre a Sa\u00fade Actual pela voz do Lu\u00eds Filipe Freitas.<\/p>\n","protected":false},"author":35,"featured_media":9915,"comment_status":"closed","ping_status":"open","sticky":false,"template":"","format":"video","meta":[],"categories":[104],"tags":[142],"yoast_head":"<!-- This site is optimized with the Yoast SEO plugin v14.3 - https:\/\/yoast.com\/wordpress\/plugins\/seo\/ -->\n<title>Entrevista de Lu\u00eds Filipe Freitas \u00e0 TVL - Saude Actual<\/title>\n<meta name=\"robots\" content=\"index, follow\" \/>\n<meta name=\"googlebot\" content=\"index, follow, max-snippet:-1, max-image-preview:large, max-video-preview:-1\" \/>\n<meta name=\"bingbot\" content=\"index, follow, max-snippet:-1, max-image-preview:large, max-video-preview:-1\" \/>\n<link rel=\"canonical\" href=\"https:\/\/saudeactual.pt\/wp\/entrevista-luis-filipe-freitas-tvl\/\" \/>\n<meta property=\"og:locale\" content=\"pt_PT\" \/>\n<meta property=\"og:type\" content=\"article\" \/>\n<meta property=\"og:title\" content=\"Entrevista de Lu\u00eds Filipe Freitas \u00e0 TVL - Saude Actual\" \/>\n<meta property=\"og:description\" content=\"A entrevista dada pelo nosso Editor \u00e0 TVL &#8211; Televis\u00e3o da Grande Lisboa. Uma \u00f3ptima oportunidade para saber mais sobre a Sa\u00fade Actual pela voz do Lu\u00eds Filipe Freitas.\" \/>\n<meta property=\"og:url\" content=\"https:\/\/saudeactual.pt\/wp\/entrevista-luis-filipe-freitas-tvl\/\" \/>\n<meta property=\"og:site_name\" content=\"Saude Actual\" \/>\n<meta property=\"article:publisher\" content=\"https:\/\/www.facebook.com\/revistasaudeactual\/\" \/>\n<meta property=\"article:published_time\" content=\"2018-03-30T00:56:41+00:00\" \/>\n<meta property=\"article:modified_time\" content=\"2025-03-11T10:07:53+00:00\" \/>\n<meta property=\"og:image\" content=\"https:\/\/saudeactual.pt\/wp\/wp-content\/uploads\/2018\/03\/ENTREVISTA-LU\u00cdS-FILIPE-FREITAS-\u00c0-TVL-mp4-image.jpg\" \/>\n\t<meta property=\"og:image:width\" content=\"768\" \/>\n\t<meta property=\"og:image:height\" content=\"432\" \/>\n<meta name=\"twitter:card\" content=\"summary\" \/>\n<script type=\"application\/ld+json\" class=\"yoast-schema-graph\">{\"@context\":\"https:\/\/schema.org\",\"@graph\":[{\"@type\":\"WebSite\",\"@id\":\"https:\/\/saudeactual.pt\/wp\/#website\",\"url\":\"https:\/\/saudeactual.pt\/wp\/\",\"name\":\"Saude Actual\",\"description\":\"Revista de Sa\\u00fade Hol\\u00edstica e Estilo de Vida Saud\\u00e1vel\",\"potentialAction\":[{\"@type\":\"SearchAction\",\"target\":\"https:\/\/saudeactual.pt\/wp\/?s={search_term_string}\",\"query-input\":\"required name=search_term_string\"}],\"inLanguage\":\"pt-PT\"},{\"@type\":\"ImageObject\",\"@id\":\"https:\/\/saudeactual.pt\/wp\/entrevista-luis-filipe-freitas-tvl\/#primaryimage\",\"inLanguage\":\"pt-PT\",\"url\":\"https:\/\/saudeactual.pt\/wp\/wp-content\/uploads\/2018\/03\/ENTREVISTA-LU\\u00cdS-FILIPE-FREITAS-\\u00c0-TVL-mp4-image.jpg\",\"width\":768,\"height\":432},{\"@type\":\"WebPage\",\"@id\":\"https:\/\/saudeactual.pt\/wp\/entrevista-luis-filipe-freitas-tvl\/#webpage\",\"url\":\"https:\/\/saudeactual.pt\/wp\/entrevista-luis-filipe-freitas-tvl\/\",\"name\":\"Entrevista de Lu\\u00eds Filipe Freitas \\u00e0 TVL - Saude Actual\",\"isPartOf\":{\"@id\":\"https:\/\/saudeactual.pt\/wp\/#website\"},\"primaryImageOfPage\":{\"@id\":\"https:\/\/saudeactual.pt\/wp\/entrevista-luis-filipe-freitas-tvl\/#primaryimage\"},\"datePublished\":\"2018-03-30T00:56:41+00:00\",\"dateModified\":\"2025-03-11T10:07:53+00:00\",\"author\":{\"@id\":\"https:\/\/saudeactual.pt\/wp\/#\/schema\/person\/1ba363be1d84ffc60b933f6157aee575\"},\"inLanguage\":\"pt-PT\",\"potentialAction\":[{\"@type\":\"ReadAction\",\"target\":[\"https:\/\/saudeactual.pt\/wp\/entrevista-luis-filipe-freitas-tvl\/\"]}]},{\"@type\":[\"Person\"],\"@id\":\"https:\/\/saudeactual.pt\/wp\/#\/schema\/person\/1ba363be1d84ffc60b933f6157aee575\",\"name\":\"Sactual\",\"image\":{\"@type\":\"ImageObject\",\"@id\":\"https:\/\/saudeactual.pt\/wp\/#personlogo\",\"inLanguage\":\"pt-PT\",\"url\":\"https:\/\/secure.gravatar.com\/avatar\/fdd9bd45c7306d7f625c81f36be0ffae?s=96&d=mm&r=g\",\"caption\":\"Sactual\"}}]}<\/script>\n<!-- \/ Yoast SEO plugin. -->","_links":{"self":[{"href":"https:\/\/saudeactual.pt\/wp\/wp-json\/wp\/v2\/posts\/9912"}],"collection":[{"href":"https:\/\/saudeactual.pt\/wp\/wp-json\/wp\/v2\/posts"}],"about":[{"href":"https:\/\/saudeactual.pt\/wp\/wp-json\/wp\/v2\/types\/post"}],"author":[{"embeddable":true,"href":"https:\/\/saudeactual.pt\/wp\/wp-json\/wp\/v2\/users\/35"}],"replies":[{"embeddable":true,"href":"https:\/\/saudeactual.pt\/wp\/wp-json\/wp\/v2\/comments?post=9912"}],"version-history":[{"count":2,"href":"https:\/\/saudeactual.pt\/wp\/wp-json\/wp\/v2\/posts\/9912\/revisions"}],"predecessor-version":[{"id":9917,"href":"https:\/\/saudeactual.pt\/wp\/wp-json\/wp\/v2\/posts\/9912\/revisions\/9917"}],"wp:featuredmedia":[{"embeddable":true,"href":"https:\/\/saudeactual.pt\/wp\/wp-json\/wp\/v2\/media\/9915"}],"wp:attachment":[{"href":"https:\/\/saudeactual.pt\/wp\/wp-json\/wp\/v2\/media?parent=9912"}],"wp:term":[{"taxonomy":"category","embeddable":true,"href":"https:\/\/saudeactual.pt\/wp\/wp-json\/wp\/v2\/categories?post=9912"},{"taxonomy":"post_tag","embeddable":true,"href":"https:\/\/saudeactual.pt\/wp\/wp-json\/wp\/v2\/tags?post=9912"}],"curies":[{"name":"wp","href":"https:\/\/api.w.org\/{rel}","templated":true}]}}