{"id":6471,"date":"2015-10-23T12:45:03","date_gmt":"2015-10-23T12:45:03","guid":{"rendered":"http:\/\/tempoearte-h1st.net\/saudeactual\/?p=6471"},"modified":"2015-10-28T16:04:24","modified_gmt":"2015-10-28T16:04:24","slug":"leite-de-amendoas","status":"publish","type":"post","link":"https:\/\/saudeactual.pt\/wp\/leite-de-amendoas\/","title":{"rendered":"Leite de am\u00eandoas"},"content":{"rendered":"<p>O \u201cleite\u201d de am\u00eandoas \u00e9 utilizado h\u00e1 muito tempo pelas fam\u00edlias vegetarianas, em v\u00e1rios pa\u00edses. O seu consumo remonta h\u00e1 Idade M\u00e9dia. Existem numerosas variedades de \u201cleite\u201d de am\u00eandoas nos diferentes pa\u00edses da cozinha mediterr\u00e2nica.<\/p>\n<p><strong>Receita de \u201cleite\u201d de am\u00eandoas<\/strong><br \/>\n(aten\u00e7\u00e3o: n\u00e3o utilizar am\u00eandoas amargas): Deixar embeber 100 g de am\u00eandoas em \u00e1gua da nascente durante uma noite. No dia seguinte, descasc\u00e1-las e reduzi-las a p\u00f3 com a ajuda de uma picadora. Juntar, pouco a pouco, um litro de \u00e1gua da nascente quente (40\u00ba), filtrar e guardar no frigor\u00edfico.<\/p>\n<p><strong>Qualidades alimentares e virtudes terap\u00eauticas:<\/strong><br \/>\nLeite energ\u00e9tico com propriedades emolientes e antiss\u00e9ticas intestinais interessantes devido \u00e0 sua a\u00e7\u00e3o alcalinizante e porque ajuda a manter o equil\u00edbrio \u00e1cido-base do organismo.<br \/>\nMuito rico em minerais: pot\u00e1ssio, magn\u00e9sio e ferro que s\u00e3o de grande import\u00e2ncia para a sa\u00fade e o metabolismo.<br \/>\nDever\u00e1 ser o primeiro leite a dar aos beb\u00e9s, ap\u00f3s um ano, em caso de falta, mas necessita de um suplemento de c\u00e1lcio.<br \/>\nRico em l\u00edpidos e gl\u00edcidos, o \u201cleite\u201d de am\u00eandoas \u00e9 uma bebida refrescante que n\u00e3o cont\u00e9m case\u00edna, lactose nem colesterol.<br \/>\n<strong>Grande digestibilidade:<\/strong> \u00e9 muito importante para o trabalho hep\u00e1tico.<\/p>\n","protected":false},"excerpt":{"rendered":"<p>O \u201cleite\u201d de am\u00eandoas \u00e9 utilizado h\u00e1 muito tempo pelas fam\u00edlias vegetarianas, em v\u00e1rios pa\u00edses. O seu consumo remonta h\u00e1 Idade M\u00e9dia. Existem numerosas variedades de \u201cleite\u201d de am\u00eandoas nos diferentes pa\u00edses da cozinha mediterr\u00e2nica. Receita de \u201cleite\u201d de am\u00eandoas (aten\u00e7\u00e3o: n\u00e3o utilizar am\u00eandoas amargas): Deixar embeber 100 g de am\u00eandoas em \u00e1gua da nascente [&hellip;]<\/p>\n","protected":false},"author":4,"featured_media":6472,"comment_status":"closed","ping_status":"closed","sticky":false,"template":"","format":"standard","meta":[],"categories":[103,94],"tags":[],"yoast_head":"<!-- This site is optimized with the Yoast SEO plugin v14.3 - https:\/\/yoast.com\/wordpress\/plugins\/seo\/ -->\n<title>Sa\u00fade Actual | Revista de Sa\u00fade Hol\u00edstica e Estilo de Vida Saud\u00e1vel - leite de am\u00eandoas<\/title>\n<meta name=\"description\" content=\"Sa\u00fade Actual | Revista de Sa\u00fade Hol\u00edstica e Estilo de Vida Saud\u00e1vel | Alimenta\u00e7\u00e3o Saud\u00e1vel | Sa\u00fade - Leite de am\u00eandoas\" \/>\n<meta name=\"robots\" content=\"index, follow\" \/>\n<meta name=\"googlebot\" content=\"index, follow, max-snippet:-1, max-image-preview:large, max-video-preview:-1\" \/>\n<meta name=\"bingbot\" content=\"index, follow, max-snippet:-1, max-image-preview:large, max-video-preview:-1\" \/>\n<link rel=\"canonical\" href=\"https:\/\/saudeactual.pt\/leite-de-amendoas\/\" \/>\n<meta property=\"og:locale\" content=\"pt_PT\" \/>\n<meta property=\"og:type\" content=\"article\" \/>\n<meta property=\"og:title\" content=\"Sa\u00fade Actual | Revista de Sa\u00fade Hol\u00edstica e Estilo de Vida Saud\u00e1vel - leite de am\u00eandoas\" \/>\n<meta property=\"og:description\" content=\"Sa\u00fade Actual | Revista de Sa\u00fade Hol\u00edstica e Estilo de Vida Saud\u00e1vel | Alimenta\u00e7\u00e3o Saud\u00e1vel | Sa\u00fade - Leite de am\u00eandoas\" \/>\n<meta property=\"og:url\" content=\"https:\/\/saudeactual.pt\/leite-de-amendoas\/\" \/>\n<meta property=\"og:site_name\" content=\"Saude Actual\" \/>\n<meta property=\"article:publisher\" content=\"https:\/\/www.facebook.com\/revistasaudeactual\/\" \/>\n<meta property=\"article:published_time\" content=\"2015-10-23T12:45:03+00:00\" \/>\n<meta property=\"article:modified_time\" content=\"2015-10-28T16:04:24+00:00\" \/>\n<meta property=\"og:image\" content=\"https:\/\/saudeactual.pt\/wp\/wp-content\/uploads\/2015\/10\/leite-amendoa.jpg\" \/>\n\t<meta property=\"og:image:width\" content=\"1085\" \/>\n\t<meta property=\"og:image:height\" content=\"1098\" \/>\n<meta name=\"twitter:card\" content=\"summary\" \/>\n<script type=\"application\/ld+json\" class=\"yoast-schema-graph\">{\"@context\":\"https:\/\/schema.org\",\"@graph\":[{\"@type\":\"WebSite\",\"@id\":\"https:\/\/saudeactual.pt\/wp\/#website\",\"url\":\"https:\/\/saudeactual.pt\/wp\/\",\"name\":\"Saude Actual\",\"description\":\"Revista de Sa\\u00fade Hol\\u00edstica e Estilo de Vida Saud\\u00e1vel\",\"potentialAction\":[{\"@type\":\"SearchAction\",\"target\":\"https:\/\/saudeactual.pt\/wp\/?s={search_term_string}\",\"query-input\":\"required name=search_term_string\"}],\"inLanguage\":\"pt-PT\"},{\"@type\":\"ImageObject\",\"@id\":\"https:\/\/saudeactual.pt\/leite-de-amendoas\/#primaryimage\",\"inLanguage\":\"pt-PT\",\"url\":\"https:\/\/saudeactual.pt\/wp\/wp-content\/uploads\/2015\/10\/leite-amendoa.jpg\",\"width\":1085,\"height\":1098},{\"@type\":\"WebPage\",\"@id\":\"https:\/\/saudeactual.pt\/leite-de-amendoas\/#webpage\",\"url\":\"https:\/\/saudeactual.pt\/leite-de-amendoas\/\",\"name\":\"Sa\\u00fade Actual | Revista de Sa\\u00fade Hol\\u00edstica e Estilo de Vida Saud\\u00e1vel - leite de am\\u00eandoas\",\"isPartOf\":{\"@id\":\"https:\/\/saudeactual.pt\/wp\/#website\"},\"primaryImageOfPage\":{\"@id\":\"https:\/\/saudeactual.pt\/leite-de-amendoas\/#primaryimage\"},\"datePublished\":\"2015-10-23T12:45:03+00:00\",\"dateModified\":\"2015-10-28T16:04:24+00:00\",\"author\":{\"@id\":\"https:\/\/saudeactual.pt\/wp\/#\/schema\/person\/ad4746ef53c2316f3fe42c54cbb02c37\"},\"description\":\"Sa\\u00fade Actual | Revista de Sa\\u00fade Hol\\u00edstica e Estilo de Vida Saud\\u00e1vel | Alimenta\\u00e7\\u00e3o Saud\\u00e1vel | Sa\\u00fade - Leite de am\\u00eandoas\",\"inLanguage\":\"pt-PT\",\"potentialAction\":[{\"@type\":\"ReadAction\",\"target\":[\"https:\/\/saudeactual.pt\/leite-de-amendoas\/\"]}]},{\"@type\":[\"Person\"],\"@id\":\"https:\/\/saudeactual.pt\/wp\/#\/schema\/person\/ad4746ef53c2316f3fe42c54cbb02c37\",\"name\":\"Sa\\u00fade Actual\",\"image\":{\"@type\":\"ImageObject\",\"@id\":\"https:\/\/saudeactual.pt\/wp\/#personlogo\",\"inLanguage\":\"pt-PT\",\"url\":\"https:\/\/secure.gravatar.com\/avatar\/6980c66778fb9be6b589f55496a59ace?s=96&d=mm&r=g\",\"caption\":\"Sa\\u00fade Actual\"}}]}<\/script>\n<!-- \/ Yoast SEO plugin. -->","_links":{"self":[{"href":"https:\/\/saudeactual.pt\/wp\/wp-json\/wp\/v2\/posts\/6471"}],"collection":[{"href":"https:\/\/saudeactual.pt\/wp\/wp-json\/wp\/v2\/posts"}],"about":[{"href":"https:\/\/saudeactual.pt\/wp\/wp-json\/wp\/v2\/types\/post"}],"author":[{"embeddable":true,"href":"https:\/\/saudeactual.pt\/wp\/wp-json\/wp\/v2\/users\/4"}],"replies":[{"embeddable":true,"href":"https:\/\/saudeactual.pt\/wp\/wp-json\/wp\/v2\/comments?post=6471"}],"version-history":[{"count":1,"href":"https:\/\/saudeactual.pt\/wp\/wp-json\/wp\/v2\/posts\/6471\/revisions"}],"predecessor-version":[{"id":6473,"href":"https:\/\/saudeactual.pt\/wp\/wp-json\/wp\/v2\/posts\/6471\/revisions\/6473"}],"wp:featuredmedia":[{"embeddable":true,"href":"https:\/\/saudeactual.pt\/wp\/wp-json\/wp\/v2\/media\/6472"}],"wp:attachment":[{"href":"https:\/\/saudeactual.pt\/wp\/wp-json\/wp\/v2\/media?parent=6471"}],"wp:term":[{"taxonomy":"category","embeddable":true,"href":"https:\/\/saudeactual.pt\/wp\/wp-json\/wp\/v2\/categories?post=6471"},{"taxonomy":"post_tag","embeddable":true,"href":"https:\/\/saudeactual.pt\/wp\/wp-json\/wp\/v2\/tags?post=6471"}],"curies":[{"name":"wp","href":"https:\/\/api.w.org\/{rel}","templated":true}]}}