{"id":6333,"date":"2015-10-22T11:36:04","date_gmt":"2015-10-22T11:36:04","guid":{"rendered":"http:\/\/tempoearte-h1st.net\/saudeactual\/?p=6333"},"modified":"2015-10-28T16:22:06","modified_gmt":"2015-10-28T16:22:06","slug":"mascara-japonesa-de-co2-novidade-na-estetica-facial","status":"publish","type":"post","link":"https:\/\/saudeactual.pt\/wp\/mascara-japonesa-de-co2-novidade-na-estetica-facial\/","title":{"rendered":"M\u00e1scara japonesa de CO2 | Novidade na est\u00e9tica facial"},"content":{"rendered":"<p>A cada ano, milh\u00f5es de pessoas procuram cl\u00ednicas est\u00e9ticas em busca de uma solu\u00e7\u00e3o para problemas de pele, tais como linhas de express\u00e3o, rugas, poros dilatados, cicatrizes de acne, manchas, etc. Em geral, s\u00e3o indicados tratamentos como microdermoabras\u00e3o, peelings qu\u00edmicos e terapias a laser. O CO2<br \/>\n(di\u00f3xido de carbono) \u00e9 uma nova tecnologia destinada a melhorar as condi\u00e7\u00f5es da pele, e a tecnologia por tr\u00e1s desta mascara demonstra a import\u00e2ncia de como o CO2 pode influenciar diretamente as rea\u00e7\u00f5es do nosso corpo.<br \/>\nEstudos realizados no departamento de cirurgia pl\u00e1stica da universidade de T\u00f3quio demonstraram a a\u00e7\u00e3o terap\u00eautica do CO2 sobre a microcircula\u00e7\u00e3o vascular, tendo sido evidenciada a vasodilata\u00e7\u00e3o atrav\u00e9s da videocapilaroscopia (Laser Doppler). O g\u00e1s carb\u00f3nico \u00e9 um potente vasodilatador, ou seja, aumenta muito a circula\u00e7\u00e3o do local onde \u00e9 aplicado, melhora a circula\u00e7\u00e3o, fazendo assim chegar mais sangue, oxig\u00e9nio e nutrientes \u00e0 pele.<br \/>\nUma pele mais oxigenada cicatriza melhor e produz mais colag\u00e9nio, e, al\u00e9m disso, reduz o incha\u00e7o e melhora a distribui\u00e7\u00e3o de l\u00edquidos.<br \/>\nA distens\u00e3o do tecido pelo g\u00e1s carb\u00f3nico faz com que a pele retraia e melhore a flacidez, pois a presen\u00e7a f\u00edsica do g\u00e1s estimula a produ\u00e7\u00e3o dos fibroblastos de colag\u00e9nio. Sabidamente um potente vasodilatador, o g\u00e1s carb\u00f3nico aumenta o fluxo de oxig\u00e9nio para os tecidos, melhorando a circula\u00e7\u00e3o no local da aplica\u00e7\u00e3o. Um tecido mais oxigenado queima mais gordura, cicatriza melhor e produz mais colag\u00e9nio. O mecanismo de a\u00e7\u00e3o deve-se \u00e0 distens\u00e3o da pele pelo g\u00e1s, o que leva a uma retra\u00e7\u00e3o do tecido distendido e consequente melhoria da flacidez.<br \/>\nN\u00f3s expiramos o g\u00e1s carb\u00f3nico, logo, ele faz parte da nossa fisiologia, \u00e9 um produto natural do metabolismo ap\u00f3s o uso de oxig\u00e9nio, sendo produzido no organismo diariamente em grandes quantidades e portanto este m\u00e9todo n\u00e3o apresenta alergia ou toxicidade. A capacidade de eliminar o g\u00e1s carb\u00f3nico pelo<br \/>\ncorpo \u00e9 muito grande. Assim, a m\u00e1scara de CO2 tem vindo a ganhar muito espa\u00e7o na medicina est\u00e9tica devido aos bons resultados obtidos no tratamento antienvelhecimento.<\/p>\n<p><strong>M\u00e1scara de G\u00e1s <\/strong><strong>Carb\u00f3nico CO2<\/strong><br \/>\nSurgiu a partir de estudos do mecanismo de a\u00e7\u00e3o do g\u00e1s carb\u00f3nico na pele. O di\u00f3xido de carbono \u201cfonte de terapia gaseificada\u201d \u00e9 um dos m\u00e9todos de tratamento que tem sido utilizado desde tempos antigos para promover o fluxo sangu\u00edneo, tamb\u00e9m est\u00e1 presente em bebidas gaseificadas. O di\u00f3xido de carbono \u00e9 absorvido atrav\u00e9s da pele e tem vindo a mostrar efic\u00e1cia no tratamento de doen\u00e7as cardiovasculares e ferimentos.<br \/>\nEm rela\u00e7\u00e3o \u00e0 beleza, pela absor\u00e7\u00e3o transd\u00e9rmica de di\u00f3xido de carbono gerado, podemos esperar muitos efeitos, com o aumento dos vasos sangu\u00edneos. A pele, na tentativa de aumentar a absor\u00e7\u00e3o de oxig\u00e9nio, expandir os tubos capilares, melhorando a circula\u00e7\u00e3o, a oxigena\u00e7\u00e3o das c\u00e9lulas e tornando o metabolismo mais ativo, e com a ajuda desse mecanismo, percebe-se uma melhoria no clareamento de manchas, lifting nas bolsas oculares, na desobstru\u00e7\u00e3o, fechamento dos<br \/>\nporos e no processo antienvelhecimento.<br \/>\nO g\u00e1s carb\u00f3nico \u00e9 gerado aumentando a absor\u00e7\u00e3o por via transd\u00e9rmica de di\u00f3xido de carbono molecular, regulando o PH de 5 a 5.5, que se sabe ser o mais adequado. Atrav\u00e9s da alta viscosidade do gel, especialmente processado de modo a aumentar o di\u00f3xido de carbono na superf\u00edcie da pele, o pH do di\u00f3xido de carbono foi ajustado para 5-5.5, podendo assim ser usado para qualquer tipo de pele e idade.<br \/>\n1) Aumenta a oxigena\u00e7\u00e3o das c\u00e9lulas.<br \/>\n2) Reduz rugas e manchas, melhora<br \/>\na circula\u00e7\u00e3o sangu\u00ednea, incha\u00e7o, e bolsas oculares.<br \/>\n3) Promove a regenera\u00e7\u00e3o dos tecidos.<br \/>\n4) Antienvelhecimento<br \/>\n5) Promove a queima de gordura.<br \/>\n6) Redu\u00e7\u00e3o de medidas<br \/>\n7) Melhora a capacidade de reter l\u00edquidos (hidrata\u00e7\u00e3o).<br \/>\n8) Melhora a aspereza e a textura da pele e tamb\u00e9m as irrita\u00e7\u00f5es da mesma.<\/p>\n<p>Aconselha-se a aplica\u00e7\u00e3o da m\u00e1scara por t\u00e9cnicos credenciados.<\/p>\n<p>Vanessa Matsumoto<br \/>\nNIPON SPA<br \/>\nTel.: 217157010<\/p>\n<p>www.niponspa.com<\/p>\n","protected":false},"excerpt":{"rendered":"<p>A cada ano, milh\u00f5es de pessoas procuram cl\u00ednicas est\u00e9ticas em busca de uma solu\u00e7\u00e3o para problemas de pele, tais como linhas de express\u00e3o, rugas, poros dilatados, cicatrizes de acne, manchas, etc. Em geral, s\u00e3o indicados tratamentos como microdermoabras\u00e3o, peelings qu\u00edmicos e terapias a laser. O CO2 (di\u00f3xido de carbono) \u00e9 uma nova tecnologia destinada a [&hellip;]<\/p>\n","protected":false},"author":4,"featured_media":6334,"comment_status":"closed","ping_status":"closed","sticky":false,"template":"","format":"standard","meta":[],"categories":[88,89],"tags":[],"yoast_head":"<!-- This site is optimized with the Yoast SEO plugin v14.3 - https:\/\/yoast.com\/wordpress\/plugins\/seo\/ -->\n<title>Sa\u00fade Actual | Revista de Sa\u00fade Hol\u00edstica e Estilo de Vida Saud\u00e1vel - Mascara japonesa<\/title>\n<meta name=\"description\" content=\"Sa\u00fade Actual | Revista de Sa\u00fade Hol\u00edstica e Estilo de Vida Saud\u00e1vel | Alimenta\u00e7\u00e3o Saud\u00e1vel | Sa\u00fade - M\u00e1scara japonesa de CO2\" \/>\n<meta name=\"robots\" content=\"index, follow\" \/>\n<meta name=\"googlebot\" content=\"index, follow, max-snippet:-1, max-image-preview:large, max-video-preview:-1\" \/>\n<meta name=\"bingbot\" content=\"index, follow, max-snippet:-1, max-image-preview:large, max-video-preview:-1\" \/>\n<link rel=\"canonical\" href=\"https:\/\/saudeactual.pt\/mascara-japonesa-de-co2-novidade-na-estetica-facial\/\" \/>\n<meta property=\"og:locale\" content=\"pt_PT\" \/>\n<meta property=\"og:type\" content=\"article\" \/>\n<meta property=\"og:title\" content=\"Sa\u00fade Actual | Revista de Sa\u00fade Hol\u00edstica e Estilo de Vida Saud\u00e1vel - Mascara japonesa\" \/>\n<meta property=\"og:description\" content=\"Sa\u00fade Actual | Revista de Sa\u00fade Hol\u00edstica e Estilo de Vida Saud\u00e1vel | Alimenta\u00e7\u00e3o Saud\u00e1vel | Sa\u00fade - M\u00e1scara japonesa de CO2\" \/>\n<meta property=\"og:url\" content=\"https:\/\/saudeactual.pt\/mascara-japonesa-de-co2-novidade-na-estetica-facial\/\" \/>\n<meta property=\"og:site_name\" content=\"Saude Actual\" \/>\n<meta property=\"article:publisher\" content=\"https:\/\/www.facebook.com\/revistasaudeactual\/\" \/>\n<meta property=\"article:published_time\" content=\"2015-10-22T11:36:04+00:00\" \/>\n<meta property=\"article:modified_time\" content=\"2015-10-28T16:22:06+00:00\" \/>\n<meta property=\"og:image\" content=\"https:\/\/saudeactual.pt\/wp\/wp-content\/uploads\/2015\/10\/MASCARA-CARBONO.jpg\" \/>\n\t<meta property=\"og:image:width\" content=\"2516\" \/>\n\t<meta property=\"og:image:height\" content=\"2236\" \/>\n<meta name=\"twitter:card\" content=\"summary\" \/>\n<script type=\"application\/ld+json\" class=\"yoast-schema-graph\">{\"@context\":\"https:\/\/schema.org\",\"@graph\":[{\"@type\":\"WebSite\",\"@id\":\"https:\/\/saudeactual.pt\/wp\/#website\",\"url\":\"https:\/\/saudeactual.pt\/wp\/\",\"name\":\"Saude Actual\",\"description\":\"Revista de Sa\\u00fade Hol\\u00edstica e Estilo de Vida Saud\\u00e1vel\",\"potentialAction\":[{\"@type\":\"SearchAction\",\"target\":\"https:\/\/saudeactual.pt\/wp\/?s={search_term_string}\",\"query-input\":\"required name=search_term_string\"}],\"inLanguage\":\"pt-PT\"},{\"@type\":\"ImageObject\",\"@id\":\"https:\/\/saudeactual.pt\/mascara-japonesa-de-co2-novidade-na-estetica-facial\/#primaryimage\",\"inLanguage\":\"pt-PT\",\"url\":\"https:\/\/saudeactual.pt\/wp\/wp-content\/uploads\/2015\/10\/MASCARA-CARBONO.jpg\",\"width\":2516,\"height\":2236},{\"@type\":\"WebPage\",\"@id\":\"https:\/\/saudeactual.pt\/mascara-japonesa-de-co2-novidade-na-estetica-facial\/#webpage\",\"url\":\"https:\/\/saudeactual.pt\/mascara-japonesa-de-co2-novidade-na-estetica-facial\/\",\"name\":\"Sa\\u00fade Actual | Revista de Sa\\u00fade Hol\\u00edstica e Estilo de Vida Saud\\u00e1vel - Mascara japonesa\",\"isPartOf\":{\"@id\":\"https:\/\/saudeactual.pt\/wp\/#website\"},\"primaryImageOfPage\":{\"@id\":\"https:\/\/saudeactual.pt\/mascara-japonesa-de-co2-novidade-na-estetica-facial\/#primaryimage\"},\"datePublished\":\"2015-10-22T11:36:04+00:00\",\"dateModified\":\"2015-10-28T16:22:06+00:00\",\"author\":{\"@id\":\"https:\/\/saudeactual.pt\/wp\/#\/schema\/person\/ad4746ef53c2316f3fe42c54cbb02c37\"},\"description\":\"Sa\\u00fade Actual | Revista de Sa\\u00fade Hol\\u00edstica e Estilo de Vida Saud\\u00e1vel | Alimenta\\u00e7\\u00e3o Saud\\u00e1vel | Sa\\u00fade - M\\u00e1scara japonesa de CO2\",\"inLanguage\":\"pt-PT\",\"potentialAction\":[{\"@type\":\"ReadAction\",\"target\":[\"https:\/\/saudeactual.pt\/mascara-japonesa-de-co2-novidade-na-estetica-facial\/\"]}]},{\"@type\":[\"Person\"],\"@id\":\"https:\/\/saudeactual.pt\/wp\/#\/schema\/person\/ad4746ef53c2316f3fe42c54cbb02c37\",\"name\":\"Sa\\u00fade Actual\",\"image\":{\"@type\":\"ImageObject\",\"@id\":\"https:\/\/saudeactual.pt\/wp\/#personlogo\",\"inLanguage\":\"pt-PT\",\"url\":\"https:\/\/secure.gravatar.com\/avatar\/6980c66778fb9be6b589f55496a59ace?s=96&d=mm&r=g\",\"caption\":\"Sa\\u00fade Actual\"}}]}<\/script>\n<!-- \/ Yoast SEO plugin. -->","_links":{"self":[{"href":"https:\/\/saudeactual.pt\/wp\/wp-json\/wp\/v2\/posts\/6333"}],"collection":[{"href":"https:\/\/saudeactual.pt\/wp\/wp-json\/wp\/v2\/posts"}],"about":[{"href":"https:\/\/saudeactual.pt\/wp\/wp-json\/wp\/v2\/types\/post"}],"author":[{"embeddable":true,"href":"https:\/\/saudeactual.pt\/wp\/wp-json\/wp\/v2\/users\/4"}],"replies":[{"embeddable":true,"href":"https:\/\/saudeactual.pt\/wp\/wp-json\/wp\/v2\/comments?post=6333"}],"version-history":[{"count":1,"href":"https:\/\/saudeactual.pt\/wp\/wp-json\/wp\/v2\/posts\/6333\/revisions"}],"predecessor-version":[{"id":6335,"href":"https:\/\/saudeactual.pt\/wp\/wp-json\/wp\/v2\/posts\/6333\/revisions\/6335"}],"wp:featuredmedia":[{"embeddable":true,"href":"https:\/\/saudeactual.pt\/wp\/wp-json\/wp\/v2\/media\/6334"}],"wp:attachment":[{"href":"https:\/\/saudeactual.pt\/wp\/wp-json\/wp\/v2\/media?parent=6333"}],"wp:term":[{"taxonomy":"category","embeddable":true,"href":"https:\/\/saudeactual.pt\/wp\/wp-json\/wp\/v2\/categories?post=6333"},{"taxonomy":"post_tag","embeddable":true,"href":"https:\/\/saudeactual.pt\/wp\/wp-json\/wp\/v2\/tags?post=6333"}],"curies":[{"name":"wp","href":"https:\/\/api.w.org\/{rel}","templated":true}]}}