{"id":6150,"date":"2015-09-22T18:50:44","date_gmt":"2015-09-22T18:50:44","guid":{"rendered":"http:\/\/tempoearte-h1st.net\/saudeactual\/?p=6150"},"modified":"2015-10-28T16:35:02","modified_gmt":"2015-10-28T16:35:02","slug":"sopa-de-legumes-com-cevada","status":"publish","type":"post","link":"https:\/\/saudeactual.pt\/wp\/sopa-de-legumes-com-cevada\/","title":{"rendered":"Sopa de legumes com cevada"},"content":{"rendered":"<h3>Ingredientes:<\/h3>\n<p>5 pessoas<\/p>\n<ul>\n<li>100g de cevada demolhada durante 6 horas.<\/li>\n<li>1 alho franc\u00eas cortado \u00e0s rodelas<\/li>\n<li>3 cenoura cortada \u00e0s rodelas<\/li>\n<li>100 g abobora picada<\/li>\n<li>1 tomate picado<\/li>\n<li>\u00bd c. caf\u00e9 mostarda em sementes<\/li>\n<li>1\/ 2 c. caf\u00e9 sementes de cominho preto<\/li>\n<li>\u00bd c. caf\u00e9 sementes de funcho<\/li>\n<li>1 c. sopa gengibre ralado<\/li>\n<li>2 c. sopa de azeite<\/li>\n<li>1 L \u00e1gua<\/li>\n<li>sal q.b<\/li>\n<\/ul>\n<p>Coloque numa panela de press\u00e3o, o azeite e frite as especiarias. Depois junte os legumes e mexa. Coloque a cevada e por \u00faltimo a \u00e1gua e sal.<br \/>\nFeche bem. Quando come\u00e7ar a \u201capitar\u201d, reduza o lume. Deixe cozer mais 10 min. E desligue.<\/p>\n<p>&nbsp;<\/p>\n<div class=\"sixcol first\"><\/p>\n<p>Restaurante &#8221; Sabor Superior&#8221;<br \/>\nRua Dom Jer\u00f3nimo Os\u00f3rio, 198 &#8211; Alg\u00e9s<br \/>\nTelefone: 96 116 79 37 | www.saborsuperior.pt<\/p>\n<p><\/div>\n<div class=\"sixcol last\"><a href=\"http:\/\/www.facebook.com\/sabor.superior.1\" target=\"_blank\"><img loading=\"lazy\" class=\"aligncenter wp-image-6034\" src=\"http:\/\/tempoearte-h1st.net\/saudeactual\/wp-content\/uploads\/2015\/09\/1442850302_Facebook.png\" alt=\"1442850302_Facebook\" width=\"65\" height=\"65\" srcset=\"https:\/\/saudeactual.pt\/wp\/wp-content\/uploads\/2015\/09\/1442850302_Facebook.png 128w, https:\/\/saudeactual.pt\/wp\/wp-content\/uploads\/2015\/09\/1442850302_Facebook-100x100.png 100w, https:\/\/saudeactual.pt\/wp\/wp-content\/uploads\/2015\/09\/1442850302_Facebook-125x125.png 125w\" sizes=\"(max-width: 65px) 100vw, 65px\" \/><\/a><\/div><div class=\"clearfix\"><\/div>\n","protected":false},"excerpt":{"rendered":"<p>Ingredientes: 5 pessoas 100g de cevada demolhada durante 6 horas. 1 alho franc\u00eas cortado \u00e0s rodelas 3 cenoura cortada \u00e0s rodelas 100 g abobora picada 1 tomate picado \u00bd c. caf\u00e9 mostarda em sementes 1\/ 2 c. caf\u00e9 sementes de cominho preto \u00bd c. caf\u00e9 sementes de funcho 1 c. sopa gengibre ralado 2 c. [&hellip;]<\/p>\n","protected":false},"author":4,"featured_media":6151,"comment_status":"closed","ping_status":"closed","sticky":false,"template":"","format":"standard","meta":[],"categories":[105,92],"tags":[],"yoast_head":"<!-- This site is optimized with the Yoast SEO plugin v14.3 - https:\/\/yoast.com\/wordpress\/plugins\/seo\/ -->\n<title>Sa\u00fade Actual | Revista de Sa\u00fade Hol\u00edstica e Estilo de Vida Saud\u00e1vel - Sopa de legumas com cevada<\/title>\n<meta name=\"description\" content=\"Sa\u00fade Actual | Revista de Sa\u00fade Hol\u00edstica e Estilo de Vida Saud\u00e1vel | Alimenta\u00e7\u00e3o Saud\u00e1vel | Sa\u00fade - Sopa de legumes com cevada\" \/>\n<meta name=\"robots\" content=\"index, follow\" \/>\n<meta name=\"googlebot\" content=\"index, follow, max-snippet:-1, max-image-preview:large, max-video-preview:-1\" \/>\n<meta name=\"bingbot\" content=\"index, follow, max-snippet:-1, max-image-preview:large, max-video-preview:-1\" \/>\n<link rel=\"canonical\" href=\"https:\/\/saudeactual.pt\/sopa-de-legumes-com-cevada\/\" \/>\n<meta property=\"og:locale\" content=\"pt_PT\" \/>\n<meta property=\"og:type\" content=\"article\" \/>\n<meta property=\"og:title\" content=\"Sa\u00fade Actual | Revista de Sa\u00fade Hol\u00edstica e Estilo de Vida Saud\u00e1vel - Sopa de legumas com cevada\" \/>\n<meta property=\"og:description\" content=\"Sa\u00fade Actual | Revista de Sa\u00fade Hol\u00edstica e Estilo de Vida Saud\u00e1vel | Alimenta\u00e7\u00e3o Saud\u00e1vel | Sa\u00fade - Sopa de legumes com cevada\" \/>\n<meta property=\"og:url\" content=\"https:\/\/saudeactual.pt\/sopa-de-legumes-com-cevada\/\" \/>\n<meta property=\"og:site_name\" content=\"Saude Actual\" \/>\n<meta property=\"article:publisher\" content=\"https:\/\/www.facebook.com\/revistasaudeactual\/\" \/>\n<meta property=\"article:published_time\" content=\"2015-09-22T18:50:44+00:00\" \/>\n<meta property=\"article:modified_time\" content=\"2015-10-28T16:35:02+00:00\" \/>\n<meta property=\"og:image\" content=\"https:\/\/saudeactual.pt\/wp\/wp-content\/uploads\/2015\/09\/sopa-300x.jpg\" \/>\n\t<meta property=\"og:image:width\" content=\"300\" \/>\n\t<meta property=\"og:image:height\" content=\"200\" \/>\n<meta name=\"twitter:card\" content=\"summary\" \/>\n<script type=\"application\/ld+json\" class=\"yoast-schema-graph\">{\"@context\":\"https:\/\/schema.org\",\"@graph\":[{\"@type\":\"WebSite\",\"@id\":\"https:\/\/saudeactual.pt\/wp\/#website\",\"url\":\"https:\/\/saudeactual.pt\/wp\/\",\"name\":\"Saude Actual\",\"description\":\"Revista de Sa\\u00fade Hol\\u00edstica e Estilo de Vida Saud\\u00e1vel\",\"potentialAction\":[{\"@type\":\"SearchAction\",\"target\":\"https:\/\/saudeactual.pt\/wp\/?s={search_term_string}\",\"query-input\":\"required name=search_term_string\"}],\"inLanguage\":\"pt-PT\"},{\"@type\":\"ImageObject\",\"@id\":\"https:\/\/saudeactual.pt\/sopa-de-legumes-com-cevada\/#primaryimage\",\"inLanguage\":\"pt-PT\",\"url\":\"https:\/\/saudeactual.pt\/wp\/wp-content\/uploads\/2015\/09\/sopa-300x.jpg\",\"width\":300,\"height\":200},{\"@type\":\"WebPage\",\"@id\":\"https:\/\/saudeactual.pt\/sopa-de-legumes-com-cevada\/#webpage\",\"url\":\"https:\/\/saudeactual.pt\/sopa-de-legumes-com-cevada\/\",\"name\":\"Sa\\u00fade Actual | Revista de Sa\\u00fade Hol\\u00edstica e Estilo de Vida Saud\\u00e1vel - Sopa de legumas com cevada\",\"isPartOf\":{\"@id\":\"https:\/\/saudeactual.pt\/wp\/#website\"},\"primaryImageOfPage\":{\"@id\":\"https:\/\/saudeactual.pt\/sopa-de-legumes-com-cevada\/#primaryimage\"},\"datePublished\":\"2015-09-22T18:50:44+00:00\",\"dateModified\":\"2015-10-28T16:35:02+00:00\",\"author\":{\"@id\":\"https:\/\/saudeactual.pt\/wp\/#\/schema\/person\/ad4746ef53c2316f3fe42c54cbb02c37\"},\"description\":\"Sa\\u00fade Actual | Revista de Sa\\u00fade Hol\\u00edstica e Estilo de Vida Saud\\u00e1vel | Alimenta\\u00e7\\u00e3o Saud\\u00e1vel | Sa\\u00fade - Sopa de legumes com cevada\",\"inLanguage\":\"pt-PT\",\"potentialAction\":[{\"@type\":\"ReadAction\",\"target\":[\"https:\/\/saudeactual.pt\/sopa-de-legumes-com-cevada\/\"]}]},{\"@type\":[\"Person\"],\"@id\":\"https:\/\/saudeactual.pt\/wp\/#\/schema\/person\/ad4746ef53c2316f3fe42c54cbb02c37\",\"name\":\"Sa\\u00fade Actual\",\"image\":{\"@type\":\"ImageObject\",\"@id\":\"https:\/\/saudeactual.pt\/wp\/#personlogo\",\"inLanguage\":\"pt-PT\",\"url\":\"https:\/\/secure.gravatar.com\/avatar\/6980c66778fb9be6b589f55496a59ace?s=96&d=mm&r=g\",\"caption\":\"Sa\\u00fade Actual\"}}]}<\/script>\n<!-- \/ Yoast SEO plugin. -->","_links":{"self":[{"href":"https:\/\/saudeactual.pt\/wp\/wp-json\/wp\/v2\/posts\/6150"}],"collection":[{"href":"https:\/\/saudeactual.pt\/wp\/wp-json\/wp\/v2\/posts"}],"about":[{"href":"https:\/\/saudeactual.pt\/wp\/wp-json\/wp\/v2\/types\/post"}],"author":[{"embeddable":true,"href":"https:\/\/saudeactual.pt\/wp\/wp-json\/wp\/v2\/users\/4"}],"replies":[{"embeddable":true,"href":"https:\/\/saudeactual.pt\/wp\/wp-json\/wp\/v2\/comments?post=6150"}],"version-history":[{"count":2,"href":"https:\/\/saudeactual.pt\/wp\/wp-json\/wp\/v2\/posts\/6150\/revisions"}],"predecessor-version":[{"id":6156,"href":"https:\/\/saudeactual.pt\/wp\/wp-json\/wp\/v2\/posts\/6150\/revisions\/6156"}],"wp:featuredmedia":[{"embeddable":true,"href":"https:\/\/saudeactual.pt\/wp\/wp-json\/wp\/v2\/media\/6151"}],"wp:attachment":[{"href":"https:\/\/saudeactual.pt\/wp\/wp-json\/wp\/v2\/media?parent=6150"}],"wp:term":[{"taxonomy":"category","embeddable":true,"href":"https:\/\/saudeactual.pt\/wp\/wp-json\/wp\/v2\/categories?post=6150"},{"taxonomy":"post_tag","embeddable":true,"href":"https:\/\/saudeactual.pt\/wp\/wp-json\/wp\/v2\/tags?post=6150"}],"curies":[{"name":"wp","href":"https:\/\/api.w.org\/{rel}","templated":true}]}}