{"id":6053,"date":"2015-09-22T17:46:45","date_gmt":"2015-09-22T17:46:45","guid":{"rendered":"http:\/\/tempoearte-h1st.net\/saudeactual\/?p=6053"},"modified":"2015-10-28T16:40:56","modified_gmt":"2015-10-28T16:40:56","slug":"massagem-infantil","status":"publish","type":"post","link":"https:\/\/saudeactual.pt\/wp\/massagem-infantil\/","title":{"rendered":"Massagem Infantil"},"content":{"rendered":"<p style=\"text-align: justify;\"><strong>O Toque de dar amor<\/strong><\/p>\n<p style=\"text-align: justify;\">A massagem pode ser um maravilhoso prolongamento do impulso natural que leva os pais a transmitirem amor e dedica\u00e7\u00e3o ao beb\u00e9.<br \/>\nO nascimento de uma crian\u00e7a foi, \u00e9, e ser\u00e1 sempre um acontecimento sublime, que acarreta em si emo\u00e7\u00f5es e sentimentos t\u00e3o intensos que enaltecem o sentido de se ser humano. Atrav\u00e9s do calor e do toque, estabelece-se um v\u00ednculo psicoafetivo entre o rec\u00e9m-nascido e os pais, sendo uma mais&#8211;valia no desenvolvimento e crescimento saud\u00e1vel destes \u201cpequenos grandes her\u00f3is\u201d: os nossos beb\u00e9s.<br \/>\nA massagem \u00e9 um momento \u00fanico de partilha, uma d\u00e1diva especial que promove o conhecimento entre pais e filhos e gera momentos de felicidade e de bem-estar marcantes no seu crescimento e desenvolvimento.<br \/>\nOs estudos nesta \u00e1rea indicam a conex\u00e3o entre a massagem e o desenvolvimento f\u00edsico,<br \/>\nemocional e intelectual.<br \/>\nA necessidade da estimula\u00e7\u00e3o t\u00e1til permanece ao longo de toda a vida. Podemos viver com a aus\u00eancia de alguns sentidos &#8211; sem ver, ouvir, falar, mas n\u00e3o sem sermos tocados.<br \/>\nAntes do nascimento, o beb\u00e9 percebe o movimento, a diferen\u00e7a entre a escurid\u00e3o e a claridade e j\u00e1 escuta. Tamb\u00e9m tem momentos de vig\u00edlia, assim como de sono onde sonha. Dentro do ventre materno, a crian\u00e7a recebe informa\u00e7\u00e3o externa e segue todos os movimentos, estando sempre acompanhada. Ap\u00f3s o nascimento, o contacto com a pele da m\u00e3e \u00e9 extraordinariamente marcante para dar continuidade a esta rela\u00e7\u00e3o previamente estabelecida.<br \/>\nIsto evita a quebra abrupta entre a m\u00e3e e o beb\u00e9, o qual necessita de continuar a sentir<br \/>\neste movimento, uma vez que sozinho n\u00e3o conseguir\u00e1 deslocar-se para obter o mesmo<br \/>\nsentimento. O beb\u00e9 passa a sentir apenas as suas sensa\u00e7\u00f5es internas enquanto externamente<br \/>\no contacto passa a ser limitado no tempo. \u00c9 preciso trazer de volta as sensa\u00e7\u00f5es<br \/>\nexteriores do contacto da pele do beb\u00e9 com o ventre materno. \u00c9 necess\u00e1rio alimentar a pele e estabelecer um equil\u00edbrio emocional na crian\u00e7a A Associa\u00e7\u00e3o Portuguesa de Massagem Infantil (APMI) tem como miss\u00e3o promover e facilitar o toque nutritivo e emocional, tendo<br \/>\numa adapta\u00e7\u00e3o do programa a beb\u00e9s com necessidades especiais.<\/p>\n<p><strong>BENEF\u00cdCIOS DA MASSAGEM INFANTIL Para o beb\u00e9:<\/strong><\/p>\n<ul>\n<li>Relaxar e tonificar;<\/li>\n<li>Ganhar peso;<\/li>\n<li>Regular os padr\u00f5es do sono;<\/li>\n<li>Aumentar o v\u00ednculo com os pais;<\/li>\n<li>Diminuir as hormonas de stress;<\/li>\n<li>Melhorar o conhecimento do corpo;<\/li>\n<li>Melhorar o sentimento de confian\u00e7a;<\/li>\n<li>Equilibrar o sistema imunit\u00e1rio;<\/li>\n<li>Facilitar o al\u00edvio das c\u00f3licas;<\/li>\n<li>Ajudar na matura\u00e7\u00e3o do sistema nervoso.<\/li>\n<\/ul>\n<p><strong>Para os pais:<\/strong><\/p>\n<ul>\n<li>Promover a seguran\u00e7a parental;<\/li>\n<li>Aumentar o v\u00ednculo afetivo e a cumplicidade;<\/li>\n<li>Diminuir a ansiedade\/hormonas de stress;<\/li>\n<li>Favorecer o conhecimento sobre o desenvolvimento\u00a0e crescimento do beb\u00e9;<\/li>\n<li>Facilitar a compreens\u00e3o da linguagem\u00a0n\u00e3o-verbal do beb\u00e9;<\/li>\n<li>Desenvolver o respeito pelo beb\u00e9;<\/li>\n<li>Aumentar a sensa\u00e7\u00e3o de bem-estar (relaxamento).<\/li>\n<li>A massagem infantil d\u00e1 continuidade \u00e0 rela\u00e7\u00e3o humana de sensa\u00e7\u00f5es que proporcionam\u00a0e embalam a chegada do beb\u00e9 ao mundo.<\/li>\n<\/ul>\n","protected":false},"excerpt":{"rendered":"<p>O Toque de dar amor A massagem pode ser um maravilhoso prolongamento do impulso natural que leva os pais a transmitirem amor e dedica\u00e7\u00e3o ao beb\u00e9. O nascimento de uma crian\u00e7a foi, \u00e9, e ser\u00e1 sempre um acontecimento sublime, que acarreta em si emo\u00e7\u00f5es e sentimentos t\u00e3o intensos que enaltecem o sentido de se ser [&hellip;]<\/p>\n","protected":false},"author":4,"featured_media":6054,"comment_status":"closed","ping_status":"closed","sticky":false,"template":"","format":"standard","meta":[],"categories":[103],"tags":[],"yoast_head":"<!-- This site is optimized with the Yoast SEO plugin v14.3 - https:\/\/yoast.com\/wordpress\/plugins\/seo\/ -->\n<title>Sa\u00fade Actual | Revista de Sa\u00fade Hol\u00edstica e Estilo de Vida Saud\u00e1vel - Massagem Infantil<\/title>\n<meta name=\"description\" content=\"Sa\u00fade Actual | Revista de Sa\u00fade Hol\u00edstica e Estilo de Vida Saud\u00e1vel | Alimenta\u00e7\u00e3o Saud\u00e1vel | Sa\u00fade - Massagem infantil\" \/>\n<meta name=\"robots\" content=\"index, follow\" \/>\n<meta name=\"googlebot\" content=\"index, follow, max-snippet:-1, max-image-preview:large, max-video-preview:-1\" \/>\n<meta name=\"bingbot\" content=\"index, follow, max-snippet:-1, max-image-preview:large, max-video-preview:-1\" \/>\n<link rel=\"canonical\" href=\"https:\/\/saudeactual.pt\/massagem-infantil\/\" \/>\n<meta property=\"og:locale\" content=\"pt_PT\" \/>\n<meta property=\"og:type\" content=\"article\" \/>\n<meta property=\"og:title\" content=\"Sa\u00fade Actual | Revista de Sa\u00fade Hol\u00edstica e Estilo de Vida Saud\u00e1vel - Massagem Infantil\" \/>\n<meta property=\"og:description\" content=\"Sa\u00fade Actual | Revista de Sa\u00fade Hol\u00edstica e Estilo de Vida Saud\u00e1vel | Alimenta\u00e7\u00e3o Saud\u00e1vel | Sa\u00fade - Massagem infantil\" \/>\n<meta property=\"og:url\" content=\"https:\/\/saudeactual.pt\/massagem-infantil\/\" \/>\n<meta property=\"og:site_name\" content=\"Saude Actual\" \/>\n<meta property=\"article:publisher\" content=\"https:\/\/www.facebook.com\/revistasaudeactual\/\" \/>\n<meta property=\"article:published_time\" content=\"2015-09-22T17:46:45+00:00\" \/>\n<meta property=\"article:modified_time\" content=\"2015-10-28T16:40:56+00:00\" \/>\n<meta property=\"og:image\" content=\"https:\/\/saudeactual.pt\/wp\/wp-content\/uploads\/2015\/09\/o-toque-de-dar-amor-400x.jpg\" \/>\n\t<meta property=\"og:image:width\" content=\"400\" \/>\n\t<meta property=\"og:image:height\" content=\"267\" \/>\n<meta name=\"twitter:card\" content=\"summary\" \/>\n<script type=\"application\/ld+json\" class=\"yoast-schema-graph\">{\"@context\":\"https:\/\/schema.org\",\"@graph\":[{\"@type\":\"WebSite\",\"@id\":\"https:\/\/saudeactual.pt\/wp\/#website\",\"url\":\"https:\/\/saudeactual.pt\/wp\/\",\"name\":\"Saude Actual\",\"description\":\"Revista de Sa\\u00fade Hol\\u00edstica e Estilo de Vida Saud\\u00e1vel\",\"potentialAction\":[{\"@type\":\"SearchAction\",\"target\":\"https:\/\/saudeactual.pt\/wp\/?s={search_term_string}\",\"query-input\":\"required name=search_term_string\"}],\"inLanguage\":\"pt-PT\"},{\"@type\":\"ImageObject\",\"@id\":\"https:\/\/saudeactual.pt\/massagem-infantil\/#primaryimage\",\"inLanguage\":\"pt-PT\",\"url\":\"https:\/\/saudeactual.pt\/wp\/wp-content\/uploads\/2015\/09\/o-toque-de-dar-amor-400x.jpg\",\"width\":400,\"height\":267},{\"@type\":\"WebPage\",\"@id\":\"https:\/\/saudeactual.pt\/massagem-infantil\/#webpage\",\"url\":\"https:\/\/saudeactual.pt\/massagem-infantil\/\",\"name\":\"Sa\\u00fade Actual | Revista de Sa\\u00fade Hol\\u00edstica e Estilo de Vida Saud\\u00e1vel - Massagem Infantil\",\"isPartOf\":{\"@id\":\"https:\/\/saudeactual.pt\/wp\/#website\"},\"primaryImageOfPage\":{\"@id\":\"https:\/\/saudeactual.pt\/massagem-infantil\/#primaryimage\"},\"datePublished\":\"2015-09-22T17:46:45+00:00\",\"dateModified\":\"2015-10-28T16:40:56+00:00\",\"author\":{\"@id\":\"https:\/\/saudeactual.pt\/wp\/#\/schema\/person\/ad4746ef53c2316f3fe42c54cbb02c37\"},\"description\":\"Sa\\u00fade Actual | Revista de Sa\\u00fade Hol\\u00edstica e Estilo de Vida Saud\\u00e1vel | Alimenta\\u00e7\\u00e3o Saud\\u00e1vel | Sa\\u00fade - Massagem infantil\",\"inLanguage\":\"pt-PT\",\"potentialAction\":[{\"@type\":\"ReadAction\",\"target\":[\"https:\/\/saudeactual.pt\/massagem-infantil\/\"]}]},{\"@type\":[\"Person\"],\"@id\":\"https:\/\/saudeactual.pt\/wp\/#\/schema\/person\/ad4746ef53c2316f3fe42c54cbb02c37\",\"name\":\"Sa\\u00fade Actual\",\"image\":{\"@type\":\"ImageObject\",\"@id\":\"https:\/\/saudeactual.pt\/wp\/#personlogo\",\"inLanguage\":\"pt-PT\",\"url\":\"https:\/\/secure.gravatar.com\/avatar\/6980c66778fb9be6b589f55496a59ace?s=96&d=mm&r=g\",\"caption\":\"Sa\\u00fade Actual\"}}]}<\/script>\n<!-- \/ Yoast SEO plugin. -->","_links":{"self":[{"href":"https:\/\/saudeactual.pt\/wp\/wp-json\/wp\/v2\/posts\/6053"}],"collection":[{"href":"https:\/\/saudeactual.pt\/wp\/wp-json\/wp\/v2\/posts"}],"about":[{"href":"https:\/\/saudeactual.pt\/wp\/wp-json\/wp\/v2\/types\/post"}],"author":[{"embeddable":true,"href":"https:\/\/saudeactual.pt\/wp\/wp-json\/wp\/v2\/users\/4"}],"replies":[{"embeddable":true,"href":"https:\/\/saudeactual.pt\/wp\/wp-json\/wp\/v2\/comments?post=6053"}],"version-history":[{"count":1,"href":"https:\/\/saudeactual.pt\/wp\/wp-json\/wp\/v2\/posts\/6053\/revisions"}],"predecessor-version":[{"id":6055,"href":"https:\/\/saudeactual.pt\/wp\/wp-json\/wp\/v2\/posts\/6053\/revisions\/6055"}],"wp:featuredmedia":[{"embeddable":true,"href":"https:\/\/saudeactual.pt\/wp\/wp-json\/wp\/v2\/media\/6054"}],"wp:attachment":[{"href":"https:\/\/saudeactual.pt\/wp\/wp-json\/wp\/v2\/media?parent=6053"}],"wp:term":[{"taxonomy":"category","embeddable":true,"href":"https:\/\/saudeactual.pt\/wp\/wp-json\/wp\/v2\/categories?post=6053"},{"taxonomy":"post_tag","embeddable":true,"href":"https:\/\/saudeactual.pt\/wp\/wp-json\/wp\/v2\/tags?post=6053"}],"curies":[{"name":"wp","href":"https:\/\/api.w.org\/{rel}","templated":true}]}}