{"id":12594,"date":"2026-04-30T10:34:17","date_gmt":"2026-04-30T10:34:17","guid":{"rendered":"https:\/\/saudeactual.pt\/wp\/?p=12594"},"modified":"2026-04-30T10:36:48","modified_gmt":"2026-04-30T10:36:48","slug":"revista125","status":"publish","type":"post","link":"https:\/\/saudeactual.pt\/wp\/revista125\/","title":{"rendered":"Revista n.125 mai\/jun 2026"},"content":{"rendered":"\r\n<h1 class=\"p2\">SOL E NATUREZA: SA\u00daDE E BOAS ENERGIAS<\/h1>\r\n<h4>Compre j\u00e1 a nossa revista em <a href=\"https:\/\/saudeactual.pt\/wp\/categoria-produto\/ultima-revista\/\">https:\/\/saudeactual.pt\/wp\/categoria-produto\/ultima-revista\/\u00a0<\/a><\/h4>\r\n<p class=\"p1\">Nesta edi\u00e7\u00e3o especial n.\u00ba 125, dedicada ao m\u00eas do cora\u00e7\u00e3o, da tiroide, do riso, da M\u00e3e Terra, corpo de Deus, e da crian\u00e7a, quero expressar gratid\u00e3o aos leitores, colaboradores e patrocinadores, fundamentais no sucesso da Sa\u00fade Actual ao longo destes 25 anos.<\/p>\r\n<p class=\"p1\">Assim iniciamos esta revista com o tema do Sol, depois de ultrapassadas as \u00faltimas tempestades, isto porque vamos entrar no reino do astro rei com a sua import\u00e2ncia na sa\u00fade, as verdades associadas e os perigos inerentes. De seguida, apresentamos uma abordagem \u00e0 tens\u00e3o arterial, sabendo que em Portugal as doen\u00e7as cardiovasculares est\u00e3o, infelizmente, em alta por diversos fatores. Esta \u00e9 a altura para os cuidados pr\u00e9-ver\u00e3o e a preven\u00e7\u00e3o solar: dicas para a pele e o excesso de peso, aconselhamos tamb\u00e9m receitas apetitosas e diversas terapias. Como outros temas da atualidade, referem-se ainda os arranjos florais e os artigos dedicados \u00e0 crian\u00e7a e, de entre os tantos livros anunciados por n\u00f3s ao longo dos anos, o \u00faltimo relaciona-se com a import\u00e2ncia dos antioxidantes.<\/p>\r\n<p class=\"p1\">E n\u00e3o faltam nunca sugest\u00f5es de viagens, neste caso, ao Hotel Golf Mar, no Porto Novo \u2013 Vimeiro, com todas as condi\u00e7\u00f5es para o descanso, retiros, reuni\u00f5es e um p\u00f4r do sol extasiante em frente ao mar. Outro passeio imperd\u00edvel ser\u00e1 \u00e0s termas de Sangemil, com as suas \u00e1guas terap\u00eauticas, que indicamos para o come\u00e7o do ver\u00e3o, aproveitando tamb\u00e9m a (s) praia(s) fluvial(is) do rio D\u00e3o. Aproveite para conhecer Tondela, a sua cultura, as aldeias em redor e a serra do Caramulo.<\/p>\r\n<p>De facto, o nosso pa\u00eds \u00e9 t\u00e3o rico e lind\u00edssimo. Desfrutem das energias positivas da M\u00e3e Natureza desta altura do final da primavera. Bem hajam com cuidados de sa\u00fade.<\/p>\r\n<p class=\"p1\">\u00a0<\/p>\r\n<p><em>Lu\u00eds Filipe Freitas<\/em><\/p>\r\n<p><\/p>","protected":false},"excerpt":{"rendered":"<p>SOL E NATUREZA: SA\u00daDE E BOAS ENERGIAS Compre j\u00e1 a nossa revista em https:\/\/saudeactual.pt\/wp\/categoria-produto\/ultima-revista\/\u00a0 Nesta edi\u00e7\u00e3o especial n.\u00ba 125, dedicada ao m\u00eas do cora\u00e7\u00e3o, da tiroide, do riso, da M\u00e3e Terra, corpo de Deus, e da crian\u00e7a, quero expressar gratid\u00e3o aos leitores, colaboradores e patrocinadores, fundamentais no sucesso da Sa\u00fade Actual ao longo destes 25 [&hellip;]<\/p>\n","protected":false},"author":6,"featured_media":12588,"comment_status":"closed","ping_status":"open","sticky":false,"template":"","format":"standard","meta":[],"categories":[116,182],"tags":[688,690,689,646,687,684,685,686],"yoast_head":"<!-- This site is optimized with the Yoast SEO plugin v14.3 - https:\/\/yoast.com\/wordpress\/plugins\/seo\/ -->\n<title>Revista n.125 mai\/jun 2026 - Saude Actual<\/title>\n<meta name=\"description\" content=\"Nesta edi\u00e7\u00e3o especial n.\u00ba 125, dedicada ao m\u00eas do cora\u00e7\u00e3o, da tiroide, do riso, da M\u00e3e Terra, corpo de Deus, e da crian\u00e7a, quero expressar gratid\u00e3o aos leitores, colaboradores e patrocinadores, fundamentais no sucesso da Sa\u00fade Actual ao longo destes 25 anos.\" \/>\n<meta name=\"robots\" content=\"index, follow\" \/>\n<meta name=\"googlebot\" content=\"index, follow, max-snippet:-1, max-image-preview:large, max-video-preview:-1\" \/>\n<meta name=\"bingbot\" content=\"index, follow, max-snippet:-1, max-image-preview:large, max-video-preview:-1\" \/>\n<link rel=\"canonical\" href=\"https:\/\/saudeactual.pt\/wp\/revista125\/\" \/>\n<meta property=\"og:locale\" content=\"pt_PT\" \/>\n<meta property=\"og:type\" content=\"article\" \/>\n<meta property=\"og:title\" content=\"Revista n.125 mai\/jun 2026 - Saude Actual\" \/>\n<meta property=\"og:description\" content=\"Nesta edi\u00e7\u00e3o especial n.\u00ba 125, dedicada ao m\u00eas do cora\u00e7\u00e3o, da tiroide, do riso, da M\u00e3e Terra, corpo de Deus, e da crian\u00e7a, quero expressar gratid\u00e3o aos leitores, colaboradores e patrocinadores, fundamentais no sucesso da Sa\u00fade Actual ao longo destes 25 anos.\" \/>\n<meta property=\"og:url\" content=\"https:\/\/saudeactual.pt\/wp\/revista125\/\" \/>\n<meta property=\"og:site_name\" content=\"Saude Actual\" \/>\n<meta property=\"article:publisher\" content=\"https:\/\/www.facebook.com\/revistasaudeactual\/\" \/>\n<meta property=\"article:published_time\" content=\"2026-04-30T10:34:17+00:00\" \/>\n<meta property=\"article:modified_time\" content=\"2026-04-30T10:36:48+00:00\" \/>\n<meta property=\"og:image\" content=\"https:\/\/saudeactual.pt\/wp\/wp-content\/uploads\/2025\/07\/SA125-site.png\" \/>\n\t<meta property=\"og:image:width\" content=\"1200\" \/>\n\t<meta property=\"og:image:height\" content=\"520\" \/>\n<meta name=\"twitter:card\" content=\"summary\" \/>\n<script type=\"application\/ld+json\" class=\"yoast-schema-graph\">{\"@context\":\"https:\/\/schema.org\",\"@graph\":[{\"@type\":\"WebSite\",\"@id\":\"https:\/\/saudeactual.pt\/wp\/#website\",\"url\":\"https:\/\/saudeactual.pt\/wp\/\",\"name\":\"Saude Actual\",\"description\":\"Revista de Sa\\u00fade Hol\\u00edstica e Estilo de Vida Saud\\u00e1vel\",\"potentialAction\":[{\"@type\":\"SearchAction\",\"target\":\"https:\/\/saudeactual.pt\/wp\/?s={search_term_string}\",\"query-input\":\"required name=search_term_string\"}],\"inLanguage\":\"pt-PT\"},{\"@type\":\"ImageObject\",\"@id\":\"https:\/\/saudeactual.pt\/wp\/revista125\/#primaryimage\",\"inLanguage\":\"pt-PT\",\"url\":\"https:\/\/saudeactual.pt\/wp\/wp-content\/uploads\/2025\/07\/SA125-site.png\",\"width\":1200,\"height\":520},{\"@type\":\"WebPage\",\"@id\":\"https:\/\/saudeactual.pt\/wp\/revista125\/#webpage\",\"url\":\"https:\/\/saudeactual.pt\/wp\/revista125\/\",\"name\":\"Revista n.125 mai\/jun 2026 - Saude Actual\",\"isPartOf\":{\"@id\":\"https:\/\/saudeactual.pt\/wp\/#website\"},\"primaryImageOfPage\":{\"@id\":\"https:\/\/saudeactual.pt\/wp\/revista125\/#primaryimage\"},\"datePublished\":\"2026-04-30T10:34:17+00:00\",\"dateModified\":\"2026-04-30T10:36:48+00:00\",\"author\":{\"@id\":\"https:\/\/saudeactual.pt\/wp\/#\/schema\/person\/19e623cadf97ef86ec0e29d4abdd64b0\"},\"description\":\"Nesta edi\\u00e7\\u00e3o especial n.\\u00ba 125, dedicada ao m\\u00eas do cora\\u00e7\\u00e3o, da tiroide, do riso, da M\\u00e3e Terra, corpo de Deus, e da crian\\u00e7a, quero expressar gratid\\u00e3o aos leitores, colaboradores e patrocinadores, fundamentais no sucesso da Sa\\u00fade Actual ao longo destes 25 anos.\",\"inLanguage\":\"pt-PT\",\"potentialAction\":[{\"@type\":\"ReadAction\",\"target\":[\"https:\/\/saudeactual.pt\/wp\/revista125\/\"]}]},{\"@type\":[\"Person\"],\"@id\":\"https:\/\/saudeactual.pt\/wp\/#\/schema\/person\/19e623cadf97ef86ec0e29d4abdd64b0\",\"name\":\"Saude Actual\",\"image\":{\"@type\":\"ImageObject\",\"@id\":\"https:\/\/saudeactual.pt\/wp\/#personlogo\",\"inLanguage\":\"pt-PT\",\"url\":\"https:\/\/secure.gravatar.com\/avatar\/5fe6c27d4047a4884ff710842653819f?s=96&d=mm&r=g\",\"caption\":\"Saude Actual\"}}]}<\/script>\n<!-- \/ Yoast SEO plugin. -->","_links":{"self":[{"href":"https:\/\/saudeactual.pt\/wp\/wp-json\/wp\/v2\/posts\/12594"}],"collection":[{"href":"https:\/\/saudeactual.pt\/wp\/wp-json\/wp\/v2\/posts"}],"about":[{"href":"https:\/\/saudeactual.pt\/wp\/wp-json\/wp\/v2\/types\/post"}],"author":[{"embeddable":true,"href":"https:\/\/saudeactual.pt\/wp\/wp-json\/wp\/v2\/users\/6"}],"replies":[{"embeddable":true,"href":"https:\/\/saudeactual.pt\/wp\/wp-json\/wp\/v2\/comments?post=12594"}],"version-history":[{"count":1,"href":"https:\/\/saudeactual.pt\/wp\/wp-json\/wp\/v2\/posts\/12594\/revisions"}],"predecessor-version":[{"id":12595,"href":"https:\/\/saudeactual.pt\/wp\/wp-json\/wp\/v2\/posts\/12594\/revisions\/12595"}],"wp:featuredmedia":[{"embeddable":true,"href":"https:\/\/saudeactual.pt\/wp\/wp-json\/wp\/v2\/media\/12588"}],"wp:attachment":[{"href":"https:\/\/saudeactual.pt\/wp\/wp-json\/wp\/v2\/media?parent=12594"}],"wp:term":[{"taxonomy":"category","embeddable":true,"href":"https:\/\/saudeactual.pt\/wp\/wp-json\/wp\/v2\/categories?post=12594"},{"taxonomy":"post_tag","embeddable":true,"href":"https:\/\/saudeactual.pt\/wp\/wp-json\/wp\/v2\/tags?post=12594"}],"curies":[{"name":"wp","href":"https:\/\/api.w.org\/{rel}","templated":true}]}}