{"id":12382,"date":"2025-05-04T07:31:46","date_gmt":"2025-05-04T07:31:46","guid":{"rendered":"https:\/\/saudeactual.pt\/wp\/?p=12382"},"modified":"2025-07-04T12:04:02","modified_gmt":"2025-07-04T12:04:02","slug":"revista119","status":"publish","type":"post","link":"https:\/\/saudeactual.pt\/wp\/revista119\/","title":{"rendered":"Revista n.119 mai\/jun 2025"},"content":{"rendered":"\r\n<h1 class=\"p1\">Celebre o bem-estar do seu cora\u00e7\u00e3o<\/h1>\r\n<h4>Compre j\u00e1 a nossa revista em <a href=\"https:\/\/saudeactual.pt\/wp\/categoria-produto\/ultima-revista\/\">https:\/\/saudeactual.pt\/wp\/categoria-produto\/ultima-revista\/\u00a0<\/a><\/h4>\r\n<p class=\"p1\">Estamos no tempo em que a natureza est\u00e1 carregada de energias positivas e o desabrochar das plantas e flores faz que esta seja a altura ideal para preparar o nosso interior com for\u00e7a de vontade e disciplina, eliminando toxinas e excessos atrav\u00e9s das orienta\u00e7\u00f5es apresentadas nesta edi\u00e7\u00e3o do m\u00eas do cora\u00e7ao, da tiroide, do riso, da m\u00e3e terra, corpo de Deus e da crian\u00e7a.<span class=\"Apple-converted-space\">\u00a0<\/span><\/p>\r\n<p class=\"p1\">\u00c9 essencial escutar o nosso corpo, dar aten\u00e7\u00e3o aos sintomas nestes 60 dias, em maio e junho, com a primavera no auge e o ver\u00e3o \u00e0 espreita, tomar mais consci\u00eancia e escolher meios de vida que proporcionem uma vida plena, s\u00e3, de acordo com os ciclos naturais. Introduzimos artigos com dicas para cuidar da sa\u00fade do cora\u00e7\u00e3o e das doen\u00e7as cardiovasculares com abordagens e solu\u00e7\u00f5es naturais, da medicina Ayurveda, da Homeopatia e da Epigen\u00e9tica, misturando a sabedoria tradicional e a ci\u00eancia atual, com os benef\u00edcios da alegria e das emo\u00e7\u00f5es espont\u00e2neas.<span class=\"Apple-converted-space\">\u00a0<\/span><\/p>\r\n<p class=\"p1\">A nutri\u00e7\u00e3o integrativa para a sa\u00fade do intestino, atrav\u00e9s da alimenta\u00e7\u00e3o prim\u00e1ria e secund\u00e1ria, tamb\u00e9m merece destaque. Real\u00e7amos ainda os exerc\u00edcios de Yoga no combate \u00e0s alergias, e os conselhos para ajudar na recupera\u00e7\u00e3o de estrias e cicatrizes, indicando o curso de Dermocosm\u00e9tica, que se realizar\u00e1 em junho no Jardim Bot\u00e2nico. Aprenda a preparar o corpo para o ver\u00e3o, com pr\u00e1ticas saud\u00e1veis, n\u00e3o esquecendo a import\u00e2ncia da drenagem no emagrecimento.<span class=\"Apple-converted-space\">\u00a0<\/span><\/p>\r\n<p class=\"p1\">Sugerimos um passeio \u00e0s Termas de Chaves para conhecer a hist\u00f3ria da \u00e1gua mais quente da Pen\u00ednsula Ib\u00e9rica e o complexo termal Aquae Salutem ao ar livre. Aludimos \u00e0s plantas e flores medicinais da \u00e9poca, como a Gatunha e a Violeta, que encontramos na Cova da Beira, assim como as apetitosas cerejas. Desfrutem, sejam felizes, admirem a natureza, pois a felicidade e o bem-estar tamb\u00e9m est\u00e3o nas pequenas e simples situa\u00e7\u00f5es. Aproveite as leituras saud\u00e1veis e intemporais.<\/p>\r\n<p><em>Lu\u00eds Filipe Freitas<\/em><\/p>\r\n","protected":false},"excerpt":{"rendered":"<p>Celebre o bem-estar do seu cora\u00e7\u00e3o Compre j\u00e1 a nossa revista em https:\/\/saudeactual.pt\/wp\/categoria-produto\/ultima-revista\/\u00a0 Estamos no tempo em que a natureza est\u00e1 carregada de energias positivas e o desabrochar das plantas e flores faz que esta seja a altura ideal para preparar o nosso interior com for\u00e7a de vontade e disciplina, eliminando toxinas e excessos atrav\u00e9s [&hellip;]<\/p>\n","protected":false},"author":6,"featured_media":12374,"comment_status":"closed","ping_status":"open","sticky":false,"template":"","format":"standard","meta":[],"categories":[182],"tags":[642,439,640,641,576,402,379,643,175],"yoast_head":"<!-- This site is optimized with the Yoast SEO plugin v14.3 - https:\/\/yoast.com\/wordpress\/plugins\/seo\/ -->\n<title>Revista n.119 mai\/jun 2025 - Saude Actual<\/title>\n<meta name=\"description\" content=\"Estamos no tempo em que a natureza est\u00e1 carregada de energias positivas e o desabrochar das plantas e flores faz que esta seja a altura ideal para preparar o nosso interior com for\u00e7a de vontade e disciplina, eliminando toxinas e excessos atrav\u00e9s das orienta\u00e7\u00f5es apresentadas nesta edi\u00e7\u00e3o do m\u00eas do cora\u00e7ao, da tiroide, do riso, da m\u00e3e terra, corpo de Deus e da crian\u00e7a.\u00a0\" \/>\n<meta name=\"robots\" content=\"index, follow\" \/>\n<meta name=\"googlebot\" content=\"index, follow, max-snippet:-1, max-image-preview:large, max-video-preview:-1\" \/>\n<meta name=\"bingbot\" content=\"index, follow, max-snippet:-1, max-image-preview:large, max-video-preview:-1\" \/>\n<link rel=\"canonical\" href=\"https:\/\/saudeactual.pt\/wp\/revista119\/\" \/>\n<meta property=\"og:locale\" content=\"pt_PT\" \/>\n<meta property=\"og:type\" content=\"article\" \/>\n<meta property=\"og:title\" content=\"Revista n.119 mai\/jun 2025 - Saude Actual\" \/>\n<meta property=\"og:description\" content=\"Estamos no tempo em que a natureza est\u00e1 carregada de energias positivas e o desabrochar das plantas e flores faz que esta seja a altura ideal para preparar o nosso interior com for\u00e7a de vontade e disciplina, eliminando toxinas e excessos atrav\u00e9s das orienta\u00e7\u00f5es apresentadas nesta edi\u00e7\u00e3o do m\u00eas do cora\u00e7ao, da tiroide, do riso, da m\u00e3e terra, corpo de Deus e da crian\u00e7a.\u00a0\" \/>\n<meta property=\"og:url\" content=\"https:\/\/saudeactual.pt\/wp\/revista119\/\" \/>\n<meta property=\"og:site_name\" content=\"Saude Actual\" \/>\n<meta property=\"article:publisher\" content=\"https:\/\/www.facebook.com\/revistasaudeactual\/\" \/>\n<meta property=\"article:published_time\" content=\"2025-05-04T07:31:46+00:00\" \/>\n<meta property=\"article:modified_time\" content=\"2025-07-04T12:04:02+00:00\" \/>\n<meta property=\"og:image\" content=\"https:\/\/saudeactual.pt\/wp\/wp-content\/uploads\/2024\/07\/SA119-site.png\" \/>\n\t<meta property=\"og:image:width\" content=\"1200\" \/>\n\t<meta property=\"og:image:height\" content=\"520\" \/>\n<meta name=\"twitter:card\" content=\"summary\" \/>\n<script type=\"application\/ld+json\" class=\"yoast-schema-graph\">{\"@context\":\"https:\/\/schema.org\",\"@graph\":[{\"@type\":\"WebSite\",\"@id\":\"https:\/\/saudeactual.pt\/wp\/#website\",\"url\":\"https:\/\/saudeactual.pt\/wp\/\",\"name\":\"Saude Actual\",\"description\":\"Revista de Sa\\u00fade Hol\\u00edstica e Estilo de Vida Saud\\u00e1vel\",\"potentialAction\":[{\"@type\":\"SearchAction\",\"target\":\"https:\/\/saudeactual.pt\/wp\/?s={search_term_string}\",\"query-input\":\"required name=search_term_string\"}],\"inLanguage\":\"pt-PT\"},{\"@type\":\"ImageObject\",\"@id\":\"https:\/\/saudeactual.pt\/wp\/revista119\/#primaryimage\",\"inLanguage\":\"pt-PT\",\"url\":\"https:\/\/saudeactual.pt\/wp\/wp-content\/uploads\/2024\/07\/SA119-site.png\",\"width\":1200,\"height\":520},{\"@type\":\"WebPage\",\"@id\":\"https:\/\/saudeactual.pt\/wp\/revista119\/#webpage\",\"url\":\"https:\/\/saudeactual.pt\/wp\/revista119\/\",\"name\":\"Revista n.119 mai\/jun 2025 - Saude Actual\",\"isPartOf\":{\"@id\":\"https:\/\/saudeactual.pt\/wp\/#website\"},\"primaryImageOfPage\":{\"@id\":\"https:\/\/saudeactual.pt\/wp\/revista119\/#primaryimage\"},\"datePublished\":\"2025-05-04T07:31:46+00:00\",\"dateModified\":\"2025-07-04T12:04:02+00:00\",\"author\":{\"@id\":\"https:\/\/saudeactual.pt\/wp\/#\/schema\/person\/19e623cadf97ef86ec0e29d4abdd64b0\"},\"description\":\"Estamos no tempo em que a natureza est\\u00e1 carregada de energias positivas e o desabrochar das plantas e flores faz que esta seja a altura ideal para preparar o nosso interior com for\\u00e7a de vontade e disciplina, eliminando toxinas e excessos atrav\\u00e9s das orienta\\u00e7\\u00f5es apresentadas nesta edi\\u00e7\\u00e3o do m\\u00eas do cora\\u00e7ao, da tiroide, do riso, da m\\u00e3e terra, corpo de Deus e da crian\\u00e7a.\\u00a0\",\"inLanguage\":\"pt-PT\",\"potentialAction\":[{\"@type\":\"ReadAction\",\"target\":[\"https:\/\/saudeactual.pt\/wp\/revista119\/\"]}]},{\"@type\":[\"Person\"],\"@id\":\"https:\/\/saudeactual.pt\/wp\/#\/schema\/person\/19e623cadf97ef86ec0e29d4abdd64b0\",\"name\":\"Saude Actual\",\"image\":{\"@type\":\"ImageObject\",\"@id\":\"https:\/\/saudeactual.pt\/wp\/#personlogo\",\"inLanguage\":\"pt-PT\",\"url\":\"https:\/\/secure.gravatar.com\/avatar\/5fe6c27d4047a4884ff710842653819f?s=96&d=mm&r=g\",\"caption\":\"Saude Actual\"}}]}<\/script>\n<!-- \/ Yoast SEO plugin. -->","_links":{"self":[{"href":"https:\/\/saudeactual.pt\/wp\/wp-json\/wp\/v2\/posts\/12382"}],"collection":[{"href":"https:\/\/saudeactual.pt\/wp\/wp-json\/wp\/v2\/posts"}],"about":[{"href":"https:\/\/saudeactual.pt\/wp\/wp-json\/wp\/v2\/types\/post"}],"author":[{"embeddable":true,"href":"https:\/\/saudeactual.pt\/wp\/wp-json\/wp\/v2\/users\/6"}],"replies":[{"embeddable":true,"href":"https:\/\/saudeactual.pt\/wp\/wp-json\/wp\/v2\/comments?post=12382"}],"version-history":[{"count":1,"href":"https:\/\/saudeactual.pt\/wp\/wp-json\/wp\/v2\/posts\/12382\/revisions"}],"predecessor-version":[{"id":12383,"href":"https:\/\/saudeactual.pt\/wp\/wp-json\/wp\/v2\/posts\/12382\/revisions\/12383"}],"wp:featuredmedia":[{"embeddable":true,"href":"https:\/\/saudeactual.pt\/wp\/wp-json\/wp\/v2\/media\/12374"}],"wp:attachment":[{"href":"https:\/\/saudeactual.pt\/wp\/wp-json\/wp\/v2\/media?parent=12382"}],"wp:term":[{"taxonomy":"category","embeddable":true,"href":"https:\/\/saudeactual.pt\/wp\/wp-json\/wp\/v2\/categories?post=12382"},{"taxonomy":"post_tag","embeddable":true,"href":"https:\/\/saudeactual.pt\/wp\/wp-json\/wp\/v2\/tags?post=12382"}],"curies":[{"name":"wp","href":"https:\/\/api.w.org\/{rel}","templated":true}]}}